{"id":5562,"date":"2026-03-12T17:40:59","date_gmt":"2026-03-12T17:40:59","guid":{"rendered":"https:\/\/aceca.es\/?p=5562"},"modified":"2026-03-16T10:04:12","modified_gmt":"2026-03-16T10:04:12","slug":"peon-de-mantenimiento-y-jardineria-con-discapacidad-del-33-o-mas-minus-naturaleza-sl","status":"publish","type":"post","link":"https:\/\/aceca.es\/?p=5562","title":{"rendered":"Pe\u00f3n de mantenimiento y jardiner\u00eda con discapacidad del 33% o m\u00e1s | (MINUS NATURALEZA SL)"},"content":{"rendered":"<p><strong>OFERTA DE EMPLEO DE: MINUS NATURALEZA SL<\/strong><\/p>\n<p>Para optar a esta oferta de empleo, contacte con <strong>Leonardo,<\/strong> llamando al\u00a0 <strong> 677861446 <\/strong>o enviando un email a <a href=\"mailto:cvminusnaturaleza@gmail.com\"><strong>cvminusnaturaleza@gmail.com<\/strong><\/a>. Gracias.<\/p>\n<p>&nbsp;<\/p>\n<p><strong>Puesto vacante:<\/strong> Pe\u00f3n de mantenimiento y jardiner\u00eda con discapacidad del 33% o m\u00e1s<br \/>\n<strong>N\u00ba de vacantes: <\/strong><br \/>\n<strong>Fecha de inicio:<\/strong><br \/>\n<strong>Localidad:<\/strong> Sevilla \/ Provincia Sevilla<br \/>\n<strong>Duraci\u00f3n del contrato:<\/strong><br \/>\n<strong>Salario: <\/strong><br \/>\n<strong>Descripci\u00f3n de puesto: <\/strong>Pe\u00f3n de mantenimiento y jardiner\u00eda en Centro Especial de Empleo.<br \/>\nBuscamos una persona con actitud y conocimientos m\u00ednimos en trabajos de mantenimiento: jardiner\u00eda, alba\u00f1iler\u00eda, fontaner\u00eda, pintura&#8230;<br \/>\nSe requiere de car\u00e1cter obligatorio el certificado de discapacidad en vigor y actitud para aprender a trabajar en grupo.<\/p>\n<hr \/>\n<h3><strong>Requisitos<\/strong><\/h3>\n<p><strong>Discapacidad:<\/strong> Si<br \/>\n<strong>Movilidad geogr\u00e1fica:<\/strong> No<br \/>\n<strong>Veh\u00edculo propio: <\/strong>Si<br \/>\n<strong>Tipo de permiso de conducir: <\/strong>B<br \/>\n<strong>Horario:<\/strong> 8-15<br \/>\n<strong>Otros requisitos:<\/strong> Empleo presencial<\/p>\n<hr \/>\n<h3><strong>Formaci\u00f3n requerida<\/strong><\/h3>\n<p><strong>Nivel de estudios:<\/strong><br \/>\n<strong>Titulaci\u00f3n:<\/strong><br \/>\n<strong>Idiomas:<\/strong><br \/>\n<strong>Conocimientos inform\u00e1ticos:<\/strong><br \/>\n<strong>Experiencia profesional<\/strong> Conocimientos en jardiner\u00eda y manejo de herramientas<\/p>\n<p style=\"padding-left: 80px;\">\n","protected":false},"excerpt":{"rendered":"<p>OFERTA DE EMPLEO DE: MINUS NATURALEZA SL Para optar a esta oferta de empleo, contacte con Leonardo, llamando al\u00a0 677861446 o enviando un email a cvminusnaturaleza@gmail.com. Gracias. &nbsp; Puesto vacante: Pe\u00f3n de mantenimiento y jardiner\u00eda con discapacidad del 33% o m\u00e1s N\u00ba de vacantes: Fecha de inicio: Localidad: Sevilla \/ Provincia Sevilla Duraci\u00f3n del contrato:&hellip;<\/p>\n","protected":false},"author":122,"featured_media":0,"comment_status":"closed","ping_status":"closed","sticky":false,"template":"","format":"standard","meta":{"footnotes":""},"categories":[31],"tags":[],"class_list":["post-5562","post","type-post","status-publish","format-standard","hentry","category-oferta-de-empleo","category-31","description-off"],"yoast_head":"<!-- This site is optimized with the Yoast SEO plugin v28.3 - https:\/\/yoast.com\/product\/yoast-seo-wordpress\/ -->\n<title>Pe\u00f3n de mantenimiento y jardiner\u00eda con discapacidad del 33% o m\u00e1s | (MINUS NATURALEZA SL) - ACECA<\/title>\n<meta name=\"robots\" content=\"index, follow, max-snippet:-1, max-image-preview:large, max-video-preview:-1\" \/>\n<link rel=\"canonical\" href=\"https:\/\/aceca.es\/?p=5562\" \/>\n<meta property=\"og:locale\" content=\"es_ES\" \/>\n<meta property=\"og:type\" content=\"article\" \/>\n<meta property=\"og:title\" content=\"Pe\u00f3n de mantenimiento y jardiner\u00eda con discapacidad del 33% o m\u00e1s | (MINUS NATURALEZA SL) - ACECA\" \/>\n<meta property=\"og:description\" content=\"OFERTA DE EMPLEO DE: MINUS NATURALEZA SL Para optar a esta oferta de empleo, contacte con Leonardo, llamando al\u00a0 677861446 o enviando un email a cvminusnaturaleza@gmail.com. Gracias. &nbsp; Puesto vacante: Pe\u00f3n de mantenimiento y jardiner\u00eda con discapacidad del 33% o m\u00e1s N\u00ba de vacantes: Fecha de inicio: Localidad: Sevilla \/ Provincia Sevilla Duraci\u00f3n del contrato:&hellip;\" \/>\n<meta property=\"og:url\" content=\"https:\/\/aceca.es\/?p=5562\" \/>\n<meta property=\"og:site_name\" content=\"ACECA\" \/>\n<meta property=\"article:published_time\" content=\"2026-03-12T17:40:59+00:00\" \/>\n<meta property=\"article:modified_time\" content=\"2026-03-16T10:04:12+00:00\" \/>\n<meta name=\"author\" content=\"MINUS NATURALEZA SL\" \/>\n<meta name=\"twitter:card\" content=\"summary_large_image\" \/>\n<meta name=\"twitter:label1\" content=\"Escrito por\" \/>\n\t<meta name=\"twitter:data1\" content=\"MINUS NATURALEZA SL\" \/>\n\t<meta name=\"twitter:label2\" content=\"Tiempo de lectura\" \/>\n\t<meta name=\"twitter:data2\" content=\"1 minuto\" \/>\n<script type=\"application\/ld+json\" class=\"yoast-schema-graph\">{\"@context\":\"https:\\\/\\\/schema.org\",\"@graph\":[{\"@type\":\"Article\",\"@id\":\"https:\\\/\\\/aceca.es\\\/?p=5562#article\",\"isPartOf\":{\"@id\":\"https:\\\/\\\/aceca.es\\\/?p=5562\"},\"author\":{\"name\":\"MINUS NATURALEZA SL\",\"@id\":\"https:\\\/\\\/aceca.es\\\/#\\\/schema\\\/person\\\/514b0ab1faf9827b77bc3be36c266a41\"},\"headline\":\"Pe\u00f3n de mantenimiento y jardiner\u00eda con discapacidad del 33% o m\u00e1s | (MINUS NATURALEZA SL)\",\"datePublished\":\"2026-03-12T17:40:59+00:00\",\"dateModified\":\"2026-03-16T10:04:12+00:00\",\"mainEntityOfPage\":{\"@id\":\"https:\\\/\\\/aceca.es\\\/?p=5562\"},\"wordCount\":177,\"publisher\":{\"@id\":\"https:\\\/\\\/aceca.es\\\/#organization\"},\"articleSection\":[\"OFERTA DE EMPLEO\"],\"inLanguage\":\"es\"},{\"@type\":\"WebPage\",\"@id\":\"https:\\\/\\\/aceca.es\\\/?p=5562\",\"url\":\"https:\\\/\\\/aceca.es\\\/?p=5562\",\"name\":\"Pe\u00f3n de mantenimiento y jardiner\u00eda con discapacidad del 33% o m\u00e1s | (MINUS NATURALEZA SL) - ACECA\",\"isPartOf\":{\"@id\":\"https:\\\/\\\/aceca.es\\\/#website\"},\"datePublished\":\"2026-03-12T17:40:59+00:00\",\"dateModified\":\"2026-03-16T10:04:12+00:00\",\"breadcrumb\":{\"@id\":\"https:\\\/\\\/aceca.es\\\/?p=5562#breadcrumb\"},\"inLanguage\":\"es\",\"potentialAction\":[{\"@type\":\"ReadAction\",\"target\":[\"https:\\\/\\\/aceca.es\\\/?p=5562\"]}]},{\"@type\":\"BreadcrumbList\",\"@id\":\"https:\\\/\\\/aceca.es\\\/?p=5562#breadcrumb\",\"itemListElement\":[{\"@type\":\"ListItem\",\"position\":1,\"name\":\"Portada\",\"item\":\"https:\\\/\\\/aceca.es\\\/\"},{\"@type\":\"ListItem\",\"position\":2,\"name\":\"Pe\u00f3n de mantenimiento y jardiner\u00eda con discapacidad del 33% o m\u00e1s | (MINUS NATURALEZA SL)\"}]},{\"@type\":\"WebSite\",\"@id\":\"https:\\\/\\\/aceca.es\\\/#website\",\"url\":\"https:\\\/\\\/aceca.es\\\/\",\"name\":\"ACECA\",\"description\":\"Asociaci\u00f3n de centros especiales de empleo de la comunidad andaluza\",\"publisher\":{\"@id\":\"https:\\\/\\\/aceca.es\\\/#organization\"},\"alternateName\":\"ASOCIACI\u00d3N DE CENTROS ESPECIALES DE EMPLEO DE LA COMUNIDAD ANDALUZA\",\"potentialAction\":[{\"@type\":\"SearchAction\",\"target\":{\"@type\":\"EntryPoint\",\"urlTemplate\":\"https:\\\/\\\/aceca.es\\\/?s={search_term_string}\"},\"query-input\":{\"@type\":\"PropertyValueSpecification\",\"valueRequired\":true,\"valueName\":\"search_term_string\"}}],\"inLanguage\":\"es\"},{\"@type\":\"Organization\",\"@id\":\"https:\\\/\\\/aceca.es\\\/#organization\",\"name\":\"ACECA | ASOCIACI\u00d3N DE CENTROS ESPECIALES DE EMPLEO DE LA COMUNIDAD ANDALUZA\",\"alternateName\":\"ACECA\",\"url\":\"https:\\\/\\\/aceca.es\\\/\",\"logo\":{\"@type\":\"ImageObject\",\"inLanguage\":\"es\",\"@id\":\"https:\\\/\\\/aceca.es\\\/#\\\/schema\\\/logo\\\/image\\\/\",\"url\":\"https:\\\/\\\/aceca.es\\\/wp-content\\\/uploads\\\/2022\\\/07\\\/Logo-Aceca-web.jpg\",\"contentUrl\":\"https:\\\/\\\/aceca.es\\\/wp-content\\\/uploads\\\/2022\\\/07\\\/Logo-Aceca-web.jpg\",\"width\":225,\"height\":122,\"caption\":\"ACECA | ASOCIACI\u00d3N DE CENTROS ESPECIALES DE EMPLEO DE LA COMUNIDAD ANDALUZA\"},\"image\":{\"@id\":\"https:\\\/\\\/aceca.es\\\/#\\\/schema\\\/logo\\\/image\\\/\"}},{\"@type\":\"Person\",\"@id\":\"https:\\\/\\\/aceca.es\\\/#\\\/schema\\\/person\\\/514b0ab1faf9827b77bc3be36c266a41\",\"name\":\"MINUS NATURALEZA SL\",\"image\":{\"@type\":\"ImageObject\",\"inLanguage\":\"es\",\"@id\":\"https:\\\/\\\/secure.gravatar.com\\\/avatar\\\/0a1242faa8322b93657b6794e4cae0361dd7f091408e1debe2946970bc334446?s=96&d=mm&r=g\",\"url\":\"https:\\\/\\\/secure.gravatar.com\\\/avatar\\\/0a1242faa8322b93657b6794e4cae0361dd7f091408e1debe2946970bc334446?s=96&d=mm&r=g\",\"contentUrl\":\"https:\\\/\\\/secure.gravatar.com\\\/avatar\\\/0a1242faa8322b93657b6794e4cae0361dd7f091408e1debe2946970bc334446?s=96&d=mm&r=g\",\"caption\":\"MINUS NATURALEZA SL\"},\"description\":\"\\\/\\\/B41686601.5&amp;$*$-\",\"url\":\"https:\\\/\\\/aceca.es\\\/?author=122\"}]}<\/script>\n<!-- \/ Yoast SEO plugin. -->","yoast_head_json":{"title":"Pe\u00f3n de mantenimiento y jardiner\u00eda con discapacidad del 33% o m\u00e1s | (MINUS NATURALEZA SL) - ACECA","robots":{"index":"index","follow":"follow","max-snippet":"max-snippet:-1","max-image-preview":"max-image-preview:large","max-video-preview":"max-video-preview:-1"},"canonical":"https:\/\/aceca.es\/?p=5562","og_locale":"es_ES","og_type":"article","og_title":"Pe\u00f3n de mantenimiento y jardiner\u00eda con discapacidad del 33% o m\u00e1s | (MINUS NATURALEZA SL) - ACECA","og_description":"OFERTA DE EMPLEO DE: MINUS NATURALEZA SL Para optar a esta oferta de empleo, contacte con Leonardo, llamando al\u00a0 677861446 o enviando un email a cvminusnaturaleza@gmail.com. Gracias. &nbsp; Puesto vacante: Pe\u00f3n de mantenimiento y jardiner\u00eda con discapacidad del 33% o m\u00e1s N\u00ba de vacantes: Fecha de inicio: Localidad: Sevilla \/ Provincia Sevilla Duraci\u00f3n del contrato:&hellip;","og_url":"https:\/\/aceca.es\/?p=5562","og_site_name":"ACECA","article_published_time":"2026-03-12T17:40:59+00:00","article_modified_time":"2026-03-16T10:04:12+00:00","author":"MINUS NATURALEZA SL","twitter_card":"summary_large_image","twitter_misc":{"Escrito por":"MINUS NATURALEZA SL","Tiempo de lectura":"1 minuto"},"schema":{"@context":"https:\/\/schema.org","@graph":[{"@type":"Article","@id":"https:\/\/aceca.es\/?p=5562#article","isPartOf":{"@id":"https:\/\/aceca.es\/?p=5562"},"author":{"name":"MINUS NATURALEZA SL","@id":"https:\/\/aceca.es\/#\/schema\/person\/514b0ab1faf9827b77bc3be36c266a41"},"headline":"Pe\u00f3n de mantenimiento y jardiner\u00eda con discapacidad del 33% o m\u00e1s | (MINUS NATURALEZA SL)","datePublished":"2026-03-12T17:40:59+00:00","dateModified":"2026-03-16T10:04:12+00:00","mainEntityOfPage":{"@id":"https:\/\/aceca.es\/?p=5562"},"wordCount":177,"publisher":{"@id":"https:\/\/aceca.es\/#organization"},"articleSection":["OFERTA DE EMPLEO"],"inLanguage":"es"},{"@type":"WebPage","@id":"https:\/\/aceca.es\/?p=5562","url":"https:\/\/aceca.es\/?p=5562","name":"Pe\u00f3n de mantenimiento y jardiner\u00eda con discapacidad del 33% o m\u00e1s | (MINUS NATURALEZA SL) - ACECA","isPartOf":{"@id":"https:\/\/aceca.es\/#website"},"datePublished":"2026-03-12T17:40:59+00:00","dateModified":"2026-03-16T10:04:12+00:00","breadcrumb":{"@id":"https:\/\/aceca.es\/?p=5562#breadcrumb"},"inLanguage":"es","potentialAction":[{"@type":"ReadAction","target":["https:\/\/aceca.es\/?p=5562"]}]},{"@type":"BreadcrumbList","@id":"https:\/\/aceca.es\/?p=5562#breadcrumb","itemListElement":[{"@type":"ListItem","position":1,"name":"Portada","item":"https:\/\/aceca.es\/"},{"@type":"ListItem","position":2,"name":"Pe\u00f3n de mantenimiento y jardiner\u00eda con discapacidad del 33% o m\u00e1s | (MINUS NATURALEZA SL)"}]},{"@type":"WebSite","@id":"https:\/\/aceca.es\/#website","url":"https:\/\/aceca.es\/","name":"ACECA","description":"Asociaci\u00f3n de centros especiales de empleo de la comunidad andaluza","publisher":{"@id":"https:\/\/aceca.es\/#organization"},"alternateName":"ASOCIACI\u00d3N DE CENTROS ESPECIALES DE EMPLEO DE LA COMUNIDAD ANDALUZA","potentialAction":[{"@type":"SearchAction","target":{"@type":"EntryPoint","urlTemplate":"https:\/\/aceca.es\/?s={search_term_string}"},"query-input":{"@type":"PropertyValueSpecification","valueRequired":true,"valueName":"search_term_string"}}],"inLanguage":"es"},{"@type":"Organization","@id":"https:\/\/aceca.es\/#organization","name":"ACECA | ASOCIACI\u00d3N DE CENTROS ESPECIALES DE EMPLEO DE LA COMUNIDAD ANDALUZA","alternateName":"ACECA","url":"https:\/\/aceca.es\/","logo":{"@type":"ImageObject","inLanguage":"es","@id":"https:\/\/aceca.es\/#\/schema\/logo\/image\/","url":"https:\/\/aceca.es\/wp-content\/uploads\/2022\/07\/Logo-Aceca-web.jpg","contentUrl":"https:\/\/aceca.es\/wp-content\/uploads\/2022\/07\/Logo-Aceca-web.jpg","width":225,"height":122,"caption":"ACECA | ASOCIACI\u00d3N DE CENTROS ESPECIALES DE EMPLEO DE LA COMUNIDAD ANDALUZA"},"image":{"@id":"https:\/\/aceca.es\/#\/schema\/logo\/image\/"}},{"@type":"Person","@id":"https:\/\/aceca.es\/#\/schema\/person\/514b0ab1faf9827b77bc3be36c266a41","name":"MINUS NATURALEZA SL","image":{"@type":"ImageObject","inLanguage":"es","@id":"https:\/\/secure.gravatar.com\/avatar\/0a1242faa8322b93657b6794e4cae0361dd7f091408e1debe2946970bc334446?s=96&d=mm&r=g","url":"https:\/\/secure.gravatar.com\/avatar\/0a1242faa8322b93657b6794e4cae0361dd7f091408e1debe2946970bc334446?s=96&d=mm&r=g","contentUrl":"https:\/\/secure.gravatar.com\/avatar\/0a1242faa8322b93657b6794e4cae0361dd7f091408e1debe2946970bc334446?s=96&d=mm&r=g","caption":"MINUS NATURALEZA SL"},"description":"\/\/B41686601.5&amp;$*$-","url":"https:\/\/aceca.es\/?author=122"}]}},"_links":{"self":[{"href":"https:\/\/aceca.es\/index.php?rest_route=\/wp\/v2\/posts\/5562","targetHints":{"allow":["GET"]}}],"collection":[{"href":"https:\/\/aceca.es\/index.php?rest_route=\/wp\/v2\/posts"}],"about":[{"href":"https:\/\/aceca.es\/index.php?rest_route=\/wp\/v2\/types\/post"}],"author":[{"embeddable":true,"href":"https:\/\/aceca.es\/index.php?rest_route=\/wp\/v2\/users\/122"}],"replies":[{"embeddable":true,"href":"https:\/\/aceca.es\/index.php?rest_route=%2Fwp%2Fv2%2Fcomments&post=5562"}],"version-history":[{"count":2,"href":"https:\/\/aceca.es\/index.php?rest_route=\/wp\/v2\/posts\/5562\/revisions"}],"predecessor-version":[{"id":5569,"href":"https:\/\/aceca.es\/index.php?rest_route=\/wp\/v2\/posts\/5562\/revisions\/5569"}],"wp:attachment":[{"href":"https:\/\/aceca.es\/index.php?rest_route=%2Fwp%2Fv2%2Fmedia&parent=5562"}],"wp:term":[{"taxonomy":"category","embeddable":true,"href":"https:\/\/aceca.es\/index.php?rest_route=%2Fwp%2Fv2%2Fcategories&post=5562"},{"taxonomy":"post_tag","embeddable":true,"href":"https:\/\/aceca.es\/index.php?rest_route=%2Fwp%2Fv2%2Ftags&post=5562"}],"curies":[{"name":"wp","href":"https:\/\/api.w.org\/{rel}","templated":true}]}}